{"id":3089,"date":"2018-04-29T19:19:02","date_gmt":"2018-04-29T19:19:02","guid":{"rendered":"https:\/\/pravaliacusapunuri.ro\/?p=3089"},"modified":"2018-04-29T20:13:01","modified_gmt":"2018-04-29T20:13:01","slug":"legenda-lavandei","status":"publish","type":"post","link":"https:\/\/pravaliacusapunuri.ro\/en\/legenda-lavandei\/","title":{"rendered":"Legenda lavandei"},"content":{"rendered":"<p>&#8222;Se poveste\u0219te c\u0103 Lavandula care era o z\u00e2n\u0103 foarte frumoas\u0103, blond\u0103 \u0219i cu ochii alba\u0219tri, se n\u0103scuse \u00eentre lavandele s\u0103lbatice de munte din Lure, \u00een Alpii francezi de Sud. Anii au trecut \u0219i ea a decis s\u0103 aleag\u0103 un loc unde s\u0103 locuiasc\u0103. \u00centr-o zi, ne\u0219tiind unde s\u0103 se stabileasc\u0103, a \u00eenceput s\u0103 caute prin caietul ei plin de peisaje \u00een scopul de a lua o decizie \u00een acest sens. R\u0103sfoindu-l, z\u00e2na se opri brusc \u00een fa\u021ba paginii cu Provence \u0219i \u00eencepu s\u0103 pl\u00e2ng\u0103 v\u0103z\u00e2nd aceste terenuri s\u0103race necultivate. Lacrimi fierbin\u021bi de culoarea lavandei au p\u0103tat \u00een albastru pagina deschis\u0103. Dorind s\u0103 ascund\u0103 aceast\u0103 mic\u0103 dram\u0103, Lavandula a \u00eencercat s\u0103-\u0219i stearg\u0103 ochii \u0219i lacrimile de pe pagin\u0103, dar \u00een zadar. Lacrimile ei s-au r\u0103sp\u00e2ndit peste toate peisajele din Provance. \u00centr-un act de disperare, \u00een \u00eencercarea de a masca gre\u0219eala, z\u00e2na a desenat un cer albastru pentru a acoperi acele pete. Din acea zi, lavanda cre\u0219te \u00een Provence \u0219i fetele tinere blonde din regiune au \u00een ochii lor o sclipire albastru levan\u021bic\u0103, mai ales c\u00e2nd, la sf\u00e2r\u0219it de amiaz\u0103, \u00een zilele de var\u0103, ele privesc cerul metalic care cade peste c\u00e2mpurile cu lavand\u0103 \u00een floare.&#8221;<\/p>","protected":false},"excerpt":{"rendered":"<p>&#8222;Se poveste\u0219te c\u0103 Lavandula care era o z\u00e2n\u0103 foarte frumoas\u0103, blond\u0103 \u0219i cu ochii alba\u0219tri, se n\u0103scuse \u00eentre lavandele s\u0103lbatice de munte din Lure, \u00een Alpii francezi de Sud. Anii [&hellip;]<\/p>\n","protected":false},"author":1,"featured_media":3090,"comment_status":"closed","ping_status":"closed","sticky":false,"template":"","format":"standard","meta":{"footnotes":""},"categories":[1],"tags":[85,86],"class_list":["post-3089","post","type-post","status-publish","format-standard","has-post-thumbnail","hentry","category-uncategorized","tag-lavanda","tag-legenda-lavandei"],"yoast_head":"<!-- This site is optimized with the Yoast SEO plugin v27.5 - https:\/\/yoast.com\/product\/yoast-seo-wordpress\/ -->\n<title>Lavanda - Legenda acestei plante<\/title>\n<meta name=\"description\" content=\"Se poveste\u0219te c\u0103 Lavandula care era o z\u00e2n\u0103 foarte frumoas\u0103, blond\u0103 \u0219i cu ochii alba\u0219tri, se n\u0103scuse \u00eentre lavandele s\u0103lbatice de munte din Lure, \u00een Alpii francezi de Sud. Anii au trecut \u0219i ea a decis s\u0103 aleag\u0103 un loc unde s\u0103 locuiasc\u0103. \u00centr-o zi, ne\u0219tiind unde s\u0103 se stabileasc\u0103, a \u00eenceput s\u0103 caute prin...\" \/>\n<meta name=\"robots\" content=\"index, follow, max-snippet:-1, max-image-preview:large, max-video-preview:-1\" \/>\n<link rel=\"canonical\" href=\"https:\/\/pravaliacusapunuri.ro\/en\/legenda-lavandei\/\" \/>\n<meta property=\"og:locale\" content=\"en_US\" \/>\n<meta property=\"og:type\" content=\"article\" \/>\n<meta property=\"og:title\" content=\"Lavanda - Legenda acestei plante\" \/>\n<meta property=\"og:description\" content=\"Se poveste\u0219te c\u0103 Lavandula care era o z\u00e2n\u0103 foarte frumoas\u0103, blond\u0103 \u0219i cu ochii alba\u0219tri, se n\u0103scuse \u00eentre lavandele s\u0103lbatice de munte din Lure, \u00een Alpii francezi de Sud. Anii au trecut \u0219i ea a decis s\u0103 aleag\u0103 un loc unde s\u0103 locuiasc\u0103. \u00centr-o zi, ne\u0219tiind unde s\u0103 se stabileasc\u0103, a \u00eenceput s\u0103 caute prin...\" \/>\n<meta property=\"og:url\" content=\"https:\/\/pravaliacusapunuri.ro\/en\/legenda-lavandei\/\" \/>\n<meta property=\"article:publisher\" content=\"https:\/\/www.facebook.com\/pravaliacusapunuri.ro\/\" \/>\n<meta property=\"article:published_time\" content=\"2018-04-29T19:19:02+00:00\" \/>\n<meta property=\"article:modified_time\" content=\"2018-04-29T20:13:01+00:00\" \/>\n<meta property=\"og:image\" content=\"https:\/\/pravaliacusapunuri.ro\/wp-content\/uploads\/2018\/04\/lavanda.jpg\" \/>\n\t<meta property=\"og:image:width\" content=\"1192\" \/>\n\t<meta property=\"og:image:height\" content=\"795\" \/>\n\t<meta property=\"og:image:type\" content=\"image\/jpeg\" \/>\n<meta name=\"author\" content=\"pravalia\" \/>\n<meta name=\"twitter:card\" content=\"summary_large_image\" \/>\n<meta name=\"twitter:label1\" content=\"Written by\" \/>\n\t<meta name=\"twitter:data1\" content=\"pravalia\" \/>\n\t<meta name=\"twitter:label2\" content=\"Est. reading time\" \/>\n\t<meta name=\"twitter:data2\" content=\"1 minute\" \/>\n<script type=\"application\/ld+json\" class=\"yoast-schema-graph\">{\"@context\":\"https:\\\/\\\/schema.org\",\"@graph\":[{\"@type\":\"Article\",\"@id\":\"https:\\\/\\\/pravaliacusapunuri.ro\\\/legenda-lavandei\\\/#article\",\"isPartOf\":{\"@id\":\"https:\\\/\\\/pravaliacusapunuri.ro\\\/legenda-lavandei\\\/\"},\"author\":{\"name\":\"pravalia\",\"@id\":\"https:\\\/\\\/pravaliacusapunuri.ro\\\/#\\\/schema\\\/person\\\/687cabcbb5bde6d2066851c7431e282d\"},\"headline\":\"Legenda lavandei\",\"datePublished\":\"2018-04-29T19:19:02+00:00\",\"dateModified\":\"2018-04-29T20:13:01+00:00\",\"mainEntityOfPage\":{\"@id\":\"https:\\\/\\\/pravaliacusapunuri.ro\\\/legenda-lavandei\\\/\"},\"wordCount\":223,\"publisher\":{\"@id\":\"https:\\\/\\\/pravaliacusapunuri.ro\\\/#organization\"},\"image\":{\"@id\":\"https:\\\/\\\/pravaliacusapunuri.ro\\\/legenda-lavandei\\\/#primaryimage\"},\"thumbnailUrl\":\"https:\\\/\\\/pravaliacusapunuri.ro\\\/wp-content\\\/uploads\\\/2018\\\/04\\\/lavanda.jpg\",\"keywords\":[\"lavanda\",\"legenda lavandei\"],\"inLanguage\":\"en-US\"},{\"@type\":\"WebPage\",\"@id\":\"https:\\\/\\\/pravaliacusapunuri.ro\\\/legenda-lavandei\\\/\",\"url\":\"https:\\\/\\\/pravaliacusapunuri.ro\\\/legenda-lavandei\\\/\",\"name\":\"Lavanda - Legenda acestei plante\",\"isPartOf\":{\"@id\":\"https:\\\/\\\/pravaliacusapunuri.ro\\\/#website\"},\"primaryImageOfPage\":{\"@id\":\"https:\\\/\\\/pravaliacusapunuri.ro\\\/legenda-lavandei\\\/#primaryimage\"},\"image\":{\"@id\":\"https:\\\/\\\/pravaliacusapunuri.ro\\\/legenda-lavandei\\\/#primaryimage\"},\"thumbnailUrl\":\"https:\\\/\\\/pravaliacusapunuri.ro\\\/wp-content\\\/uploads\\\/2018\\\/04\\\/lavanda.jpg\",\"datePublished\":\"2018-04-29T19:19:02+00:00\",\"dateModified\":\"2018-04-29T20:13:01+00:00\",\"description\":\"Se poveste\u0219te c\u0103 Lavandula care era o z\u00e2n\u0103 foarte frumoas\u0103, blond\u0103 \u0219i cu ochii alba\u0219tri, se n\u0103scuse \u00eentre lavandele s\u0103lbatice de munte din Lure, \u00een Alpii francezi de Sud. Anii au trecut \u0219i ea a decis s\u0103 aleag\u0103 un loc unde s\u0103 locuiasc\u0103. \u00centr-o zi, ne\u0219tiind unde s\u0103 se stabileasc\u0103, a \u00eenceput s\u0103 caute prin...\",\"breadcrumb\":{\"@id\":\"https:\\\/\\\/pravaliacusapunuri.ro\\\/legenda-lavandei\\\/#breadcrumb\"},\"inLanguage\":\"en-US\",\"potentialAction\":[{\"@type\":\"ReadAction\",\"target\":[\"https:\\\/\\\/pravaliacusapunuri.ro\\\/legenda-lavandei\\\/\"]}]},{\"@type\":\"ImageObject\",\"inLanguage\":\"en-US\",\"@id\":\"https:\\\/\\\/pravaliacusapunuri.ro\\\/legenda-lavandei\\\/#primaryimage\",\"url\":\"https:\\\/\\\/pravaliacusapunuri.ro\\\/wp-content\\\/uploads\\\/2018\\\/04\\\/lavanda.jpg\",\"contentUrl\":\"https:\\\/\\\/pravaliacusapunuri.ro\\\/wp-content\\\/uploads\\\/2018\\\/04\\\/lavanda.jpg\",\"width\":1192,\"height\":795},{\"@type\":\"BreadcrumbList\",\"@id\":\"https:\\\/\\\/pravaliacusapunuri.ro\\\/legenda-lavandei\\\/#breadcrumb\",\"itemListElement\":[{\"@type\":\"ListItem\",\"position\":1,\"name\":\"Prima pagin\u0103\",\"item\":\"https:\\\/\\\/pravaliacusapunuri.ro\\\/\"},{\"@type\":\"ListItem\",\"position\":2,\"name\":\"Legenda lavandei\"}]},{\"@type\":\"WebSite\",\"@id\":\"https:\\\/\\\/pravaliacusapunuri.ro\\\/#website\",\"url\":\"https:\\\/\\\/pravaliacusapunuri.ro\\\/\",\"name\":\"Pr\u0103v\u0103lia cu S\u0103punuri\",\"description\":\"\",\"publisher\":{\"@id\":\"https:\\\/\\\/pravaliacusapunuri.ro\\\/#organization\"},\"potentialAction\":[{\"@type\":\"SearchAction\",\"target\":{\"@type\":\"EntryPoint\",\"urlTemplate\":\"https:\\\/\\\/pravaliacusapunuri.ro\\\/?s={search_term_string}\"},\"query-input\":{\"@type\":\"PropertyValueSpecification\",\"valueRequired\":true,\"valueName\":\"search_term_string\"}}],\"inLanguage\":\"en-US\"},{\"@type\":\"Organization\",\"@id\":\"https:\\\/\\\/pravaliacusapunuri.ro\\\/#organization\",\"name\":\"Pr\u0103v\u0103lia cu S\u0103punuri SRL\",\"url\":\"https:\\\/\\\/pravaliacusapunuri.ro\\\/\",\"logo\":{\"@type\":\"ImageObject\",\"inLanguage\":\"en-US\",\"@id\":\"https:\\\/\\\/pravaliacusapunuri.ro\\\/#\\\/schema\\\/logo\\\/image\\\/\",\"url\":\"https:\\\/\\\/pravaliacusapunuri.ro\\\/wp-content\\\/uploads\\\/2023\\\/12\\\/cropped-stampila-2.png\",\"contentUrl\":\"https:\\\/\\\/pravaliacusapunuri.ro\\\/wp-content\\\/uploads\\\/2023\\\/12\\\/cropped-stampila-2.png\",\"width\":509,\"height\":448,\"caption\":\"Pr\u0103v\u0103lia cu S\u0103punuri SRL\"},\"image\":{\"@id\":\"https:\\\/\\\/pravaliacusapunuri.ro\\\/#\\\/schema\\\/logo\\\/image\\\/\"},\"sameAs\":[\"https:\\\/\\\/www.facebook.com\\\/pravaliacusapunuri.ro\\\/\",\"https:\\\/\\\/www.instagram.com\\\/pravalia_cu_sapunuri\\\/\"]},{\"@type\":\"Person\",\"@id\":\"https:\\\/\\\/pravaliacusapunuri.ro\\\/#\\\/schema\\\/person\\\/687cabcbb5bde6d2066851c7431e282d\",\"name\":\"pravalia\",\"image\":{\"@type\":\"ImageObject\",\"inLanguage\":\"en-US\",\"@id\":\"https:\\\/\\\/secure.gravatar.com\\\/avatar\\\/b5da3c5a8abb829772ea6731e2794a36ff5d5871fb491e73853b6de04061c633?s=96&d=mm&r=g\",\"url\":\"https:\\\/\\\/secure.gravatar.com\\\/avatar\\\/b5da3c5a8abb829772ea6731e2794a36ff5d5871fb491e73853b6de04061c633?s=96&d=mm&r=g\",\"contentUrl\":\"https:\\\/\\\/secure.gravatar.com\\\/avatar\\\/b5da3c5a8abb829772ea6731e2794a36ff5d5871fb491e73853b6de04061c633?s=96&d=mm&r=g\",\"caption\":\"pravalia\"},\"url\":\"https:\\\/\\\/pravaliacusapunuri.ro\\\/en\\\/author\\\/pravalia\\\/\"}]}<\/script>\n<!-- \/ Yoast SEO plugin. -->","yoast_head_json":{"title":"Lavanda - Legenda acestei plante","description":"Se poveste\u0219te c\u0103 Lavandula care era o z\u00e2n\u0103 foarte frumoas\u0103, blond\u0103 \u0219i cu ochii alba\u0219tri, se n\u0103scuse \u00eentre lavandele s\u0103lbatice de munte din Lure, \u00een Alpii francezi de Sud. Anii au trecut \u0219i ea a decis s\u0103 aleag\u0103 un loc unde s\u0103 locuiasc\u0103. \u00centr-o zi, ne\u0219tiind unde s\u0103 se stabileasc\u0103, a \u00eenceput s\u0103 caute prin...","robots":{"index":"index","follow":"follow","max-snippet":"max-snippet:-1","max-image-preview":"max-image-preview:large","max-video-preview":"max-video-preview:-1"},"canonical":"https:\/\/pravaliacusapunuri.ro\/en\/legenda-lavandei\/","og_locale":"en_US","og_type":"article","og_title":"Lavanda - Legenda acestei plante","og_description":"Se poveste\u0219te c\u0103 Lavandula care era o z\u00e2n\u0103 foarte frumoas\u0103, blond\u0103 \u0219i cu ochii alba\u0219tri, se n\u0103scuse \u00eentre lavandele s\u0103lbatice de munte din Lure, \u00een Alpii francezi de Sud. Anii au trecut \u0219i ea a decis s\u0103 aleag\u0103 un loc unde s\u0103 locuiasc\u0103. \u00centr-o zi, ne\u0219tiind unde s\u0103 se stabileasc\u0103, a \u00eenceput s\u0103 caute prin...","og_url":"https:\/\/pravaliacusapunuri.ro\/en\/legenda-lavandei\/","article_publisher":"https:\/\/www.facebook.com\/pravaliacusapunuri.ro\/","article_published_time":"2018-04-29T19:19:02+00:00","article_modified_time":"2018-04-29T20:13:01+00:00","og_image":[{"width":1192,"height":795,"url":"https:\/\/pravaliacusapunuri.ro\/wp-content\/uploads\/2018\/04\/lavanda.jpg","type":"image\/jpeg"}],"author":"pravalia","twitter_card":"summary_large_image","twitter_misc":{"Written by":"pravalia","Est. reading time":"1 minute"},"schema":{"@context":"https:\/\/schema.org","@graph":[{"@type":"Article","@id":"https:\/\/pravaliacusapunuri.ro\/legenda-lavandei\/#article","isPartOf":{"@id":"https:\/\/pravaliacusapunuri.ro\/legenda-lavandei\/"},"author":{"name":"pravalia","@id":"https:\/\/pravaliacusapunuri.ro\/#\/schema\/person\/687cabcbb5bde6d2066851c7431e282d"},"headline":"Legenda lavandei","datePublished":"2018-04-29T19:19:02+00:00","dateModified":"2018-04-29T20:13:01+00:00","mainEntityOfPage":{"@id":"https:\/\/pravaliacusapunuri.ro\/legenda-lavandei\/"},"wordCount":223,"publisher":{"@id":"https:\/\/pravaliacusapunuri.ro\/#organization"},"image":{"@id":"https:\/\/pravaliacusapunuri.ro\/legenda-lavandei\/#primaryimage"},"thumbnailUrl":"https:\/\/pravaliacusapunuri.ro\/wp-content\/uploads\/2018\/04\/lavanda.jpg","keywords":["lavanda","legenda lavandei"],"inLanguage":"en-US"},{"@type":"WebPage","@id":"https:\/\/pravaliacusapunuri.ro\/legenda-lavandei\/","url":"https:\/\/pravaliacusapunuri.ro\/legenda-lavandei\/","name":"Lavanda - Legenda acestei plante","isPartOf":{"@id":"https:\/\/pravaliacusapunuri.ro\/#website"},"primaryImageOfPage":{"@id":"https:\/\/pravaliacusapunuri.ro\/legenda-lavandei\/#primaryimage"},"image":{"@id":"https:\/\/pravaliacusapunuri.ro\/legenda-lavandei\/#primaryimage"},"thumbnailUrl":"https:\/\/pravaliacusapunuri.ro\/wp-content\/uploads\/2018\/04\/lavanda.jpg","datePublished":"2018-04-29T19:19:02+00:00","dateModified":"2018-04-29T20:13:01+00:00","description":"Se poveste\u0219te c\u0103 Lavandula care era o z\u00e2n\u0103 foarte frumoas\u0103, blond\u0103 \u0219i cu ochii alba\u0219tri, se n\u0103scuse \u00eentre lavandele s\u0103lbatice de munte din Lure, \u00een Alpii francezi de Sud. Anii au trecut \u0219i ea a decis s\u0103 aleag\u0103 un loc unde s\u0103 locuiasc\u0103. \u00centr-o zi, ne\u0219tiind unde s\u0103 se stabileasc\u0103, a \u00eenceput s\u0103 caute prin...","breadcrumb":{"@id":"https:\/\/pravaliacusapunuri.ro\/legenda-lavandei\/#breadcrumb"},"inLanguage":"en-US","potentialAction":[{"@type":"ReadAction","target":["https:\/\/pravaliacusapunuri.ro\/legenda-lavandei\/"]}]},{"@type":"ImageObject","inLanguage":"en-US","@id":"https:\/\/pravaliacusapunuri.ro\/legenda-lavandei\/#primaryimage","url":"https:\/\/pravaliacusapunuri.ro\/wp-content\/uploads\/2018\/04\/lavanda.jpg","contentUrl":"https:\/\/pravaliacusapunuri.ro\/wp-content\/uploads\/2018\/04\/lavanda.jpg","width":1192,"height":795},{"@type":"BreadcrumbList","@id":"https:\/\/pravaliacusapunuri.ro\/legenda-lavandei\/#breadcrumb","itemListElement":[{"@type":"ListItem","position":1,"name":"Prima pagin\u0103","item":"https:\/\/pravaliacusapunuri.ro\/"},{"@type":"ListItem","position":2,"name":"Legenda lavandei"}]},{"@type":"WebSite","@id":"https:\/\/pravaliacusapunuri.ro\/#website","url":"https:\/\/pravaliacusapunuri.ro\/","name":"Pr\u0103v\u0103lia cu S\u0103punuri","description":"","publisher":{"@id":"https:\/\/pravaliacusapunuri.ro\/#organization"},"potentialAction":[{"@type":"SearchAction","target":{"@type":"EntryPoint","urlTemplate":"https:\/\/pravaliacusapunuri.ro\/?s={search_term_string}"},"query-input":{"@type":"PropertyValueSpecification","valueRequired":true,"valueName":"search_term_string"}}],"inLanguage":"en-US"},{"@type":"Organization","@id":"https:\/\/pravaliacusapunuri.ro\/#organization","name":"Pr\u0103v\u0103lia cu S\u0103punuri SRL","url":"https:\/\/pravaliacusapunuri.ro\/","logo":{"@type":"ImageObject","inLanguage":"en-US","@id":"https:\/\/pravaliacusapunuri.ro\/#\/schema\/logo\/image\/","url":"https:\/\/pravaliacusapunuri.ro\/wp-content\/uploads\/2023\/12\/cropped-stampila-2.png","contentUrl":"https:\/\/pravaliacusapunuri.ro\/wp-content\/uploads\/2023\/12\/cropped-stampila-2.png","width":509,"height":448,"caption":"Pr\u0103v\u0103lia cu S\u0103punuri SRL"},"image":{"@id":"https:\/\/pravaliacusapunuri.ro\/#\/schema\/logo\/image\/"},"sameAs":["https:\/\/www.facebook.com\/pravaliacusapunuri.ro\/","https:\/\/www.instagram.com\/pravalia_cu_sapunuri\/"]},{"@type":"Person","@id":"https:\/\/pravaliacusapunuri.ro\/#\/schema\/person\/687cabcbb5bde6d2066851c7431e282d","name":"pravalia","image":{"@type":"ImageObject","inLanguage":"en-US","@id":"https:\/\/secure.gravatar.com\/avatar\/b5da3c5a8abb829772ea6731e2794a36ff5d5871fb491e73853b6de04061c633?s=96&d=mm&r=g","url":"https:\/\/secure.gravatar.com\/avatar\/b5da3c5a8abb829772ea6731e2794a36ff5d5871fb491e73853b6de04061c633?s=96&d=mm&r=g","contentUrl":"https:\/\/secure.gravatar.com\/avatar\/b5da3c5a8abb829772ea6731e2794a36ff5d5871fb491e73853b6de04061c633?s=96&d=mm&r=g","caption":"pravalia"},"url":"https:\/\/pravaliacusapunuri.ro\/en\/author\/pravalia\/"}]}},"_links":{"self":[{"href":"https:\/\/pravaliacusapunuri.ro\/en\/wp-json\/wp\/v2\/posts\/3089","targetHints":{"allow":["GET"]}}],"collection":[{"href":"https:\/\/pravaliacusapunuri.ro\/en\/wp-json\/wp\/v2\/posts"}],"about":[{"href":"https:\/\/pravaliacusapunuri.ro\/en\/wp-json\/wp\/v2\/types\/post"}],"author":[{"embeddable":true,"href":"https:\/\/pravaliacusapunuri.ro\/en\/wp-json\/wp\/v2\/users\/1"}],"replies":[{"embeddable":true,"href":"https:\/\/pravaliacusapunuri.ro\/en\/wp-json\/wp\/v2\/comments?post=3089"}],"version-history":[{"count":1,"href":"https:\/\/pravaliacusapunuri.ro\/en\/wp-json\/wp\/v2\/posts\/3089\/revisions"}],"predecessor-version":[{"id":3091,"href":"https:\/\/pravaliacusapunuri.ro\/en\/wp-json\/wp\/v2\/posts\/3089\/revisions\/3091"}],"wp:featuredmedia":[{"embeddable":true,"href":"https:\/\/pravaliacusapunuri.ro\/en\/wp-json\/wp\/v2\/media\/3090"}],"wp:attachment":[{"href":"https:\/\/pravaliacusapunuri.ro\/en\/wp-json\/wp\/v2\/media?parent=3089"}],"wp:term":[{"taxonomy":"category","embeddable":true,"href":"https:\/\/pravaliacusapunuri.ro\/en\/wp-json\/wp\/v2\/categories?post=3089"},{"taxonomy":"post_tag","embeddable":true,"href":"https:\/\/pravaliacusapunuri.ro\/en\/wp-json\/wp\/v2\/tags?post=3089"}],"curies":[{"name":"wp","href":"https:\/\/api.w.org\/{rel}","templated":true}]}}